{"id":809,"date":"2022-11-11T14:48:03","date_gmt":"2022-11-11T13:48:03","guid":{"rendered":"https:\/\/terreditora.com\/?p=809"},"modified":"2022-11-11T14:48:06","modified_gmt":"2022-11-11T13:48:06","slug":"eventi-sottosopra-dalla-terra-alla-bottiglia","status":"publish","type":"post","link":"https:\/\/terreditora.com\/ru\/eventi-sottosopra-dalla-terra-alla-bottiglia\/","title":{"rendered":"EVENTI \/ \u201cSOTTOSOPRA: DALLA TERRA ALLA BOTTIGLIA"},"content":{"rendered":"\n<h2><strong>Terre di Tora a Roma per il focus sui vini del Casertano<\/strong><\/h2>\n\n\n\n<p>Roma, 28 ottobre&nbsp;2022&nbsp;&#8211;&nbsp;Si svolge&nbsp;\u2018Sottosopra: i vini di costa, pianura, collina e montagna. Dalla terra alla bottiglia\u2019. Un&nbsp;focus sui vini di Galluccio e&nbsp;Terra di Lavoro promosso nella capitale&nbsp;dall&#8217;amministrazione comunale di Galluccio (Ce).&nbsp;E i Terre di Tora c\u2019\u00e8 con i suoi vini:&nbsp;Rebalto,&nbsp;Adalaris&nbsp;e Violante.<\/p>\n\n\n\n<p>Qui di seguito uno stralcio dell\u2019articolo di www.today.it<\/p>\n\n\n\n<p>&#8212;<\/p>\n\n\n\n<p>L\u2019appuntamento nella capitale, moderato da Pietro&nbsp;Iadicicco, delegato&nbsp;Ais&nbsp;Caserta, \u00e8 stato un fuori salone che ha arricchito il percorso di promozione e valorizzazione dei vini e del territorio di riferimento avviato durante lo scorso settembre con la \u2018Rassegna di Vini di Galluccio e Terra di&nbsp;Lavoro\u2019&nbsp;tenutasi nel comune di Galluccio in contemporanea alla \u201846ma Sagra dell\u2019Uva\u2019. Dalla costa, attraversando pianure e colline si giunge in montagna e viceversa, qui i vigneti sono una costante dell\u2019ampio paesaggio di Terra di Lavoro che esprime ben cinque denominazioni quali Galluccio Doc, Roccamonfina&nbsp;Igt, Falerno del Massico Doc, Aversa&nbsp;Asprinio&nbsp;Doc e Terra del Volturno&nbsp;Igt.<\/p>\n\n\n\n<p>Nello specifico, nell\u2019area del vulcano spento di Roccamonfina, dove milioni di anni fa dominava il fuoco la natura si \u00e8 placata manifestandosi in tutta la sua bellezza e vitalit\u00e0. Qui la composita realt\u00e0 enoica racconta un territorio anticamente vocato alla viticoltura, un\u2019attivit\u00e0 che oggi \u00e8 tra le pi\u00f9 rilevanti per l\u2019economia locale e infatti proprio a tal proposito il sindaco di Galluccio, Francesco Lepore, ha dichiarato: &#8220;Festeggiare la vendemmia con la Sagra dell\u2019Uva era in passato di buon auspicio e un evento di rilievo per le comunit\u00e0 deputate alla viticoltura. Oggi, oltre a conservare le tradizioni, \u00e8 dovere di chi amministra impegnarsi a coinvolgere tutti gli attori del comparto enologico del nostro comune e di quelli limitrofi, affinch\u00e9 si possa costruire una fitta rete per un futuro migliore per tutti i cittadini e per le nostre aziende che attraverso i loro prodotti veicolano in giro per il mondo il territorio, sono fondamentali attrattori di flussi di turisti e di esperti nei luoghi di produzione e grazie alla continua innovazione sono pronte ad aprirsi a nuovi mercati&#8221;.&nbsp;<a><\/a>Anche il focus, come la rassegna, ha visto la partecipazione attiva di&nbsp;Vitica(Consorzio di Tutela vini Doc e&nbsp;Igt&nbsp;della provincia di Caserta), il primo Consorzio riconosciuto in Campania che si occupa di valorizzare tutta la filiera vitivinicola casertana, contribuendo a preservare la ricchezza varietale della viticoltura locale e la sua millenaria storia, di cui si fa promotrice attraverso i vini delle cinque denominazioni rappresentate.<\/p>\n\n\n\n<p>L\u2019importante impatto per l\u2019agricoltura e l\u2019economia del territorio, reso possibile dal grande lavoro portato avanti dalle realt\u00e0 agricole e vinicole dell\u2019Alto&nbsp;Casertano, \u00e8 stato invece rappresentato da Cesare&nbsp;Avenia, presidente del Consorzio, nel corso del suo intervento: &#8220;Gli incontri ricchi di stimoli hanno avuto il primo focus sul Galluccio Doc, ma contestualmente hanno consentito di mettere in risalto tutte le altre denominazioni tutelate da&nbsp;Vitica, dimostrando come il vino, in questa regione cos\u00ec variegata, continua la sua crescita non solo in termini di qualit\u00e0 dell\u2019offerta, ma anche come opportunit\u00e0 di sviluppo&#8221;.<\/p>\n\n\n\n<p><br>&#8230;<\/p>\n\n\n\n<p>Per leggere l\u2019articolo integrale:<\/p>\n\n\n\n<p><a href=\"https:\/\/www.today.it\/partner\/adnkronos\/economia\/lavoro\/vino-doc-e-igt-di-galluccio-e-terra-di-lavoro-protagonisti-a-roma.html\">Vino: Doc e\u00a0Igt\u00a0di Galluccio e Terra di Lavoro protagonisti a Roma (today.it)<\/a><\/p>\n","protected":false},"excerpt":{"rendered":"<p>Terre di Tora a Roma per il focus sui vini del Casertano Roma, 28 ottobre&nbsp;2022&nbsp;&#8211;&nbsp;Si svolge&nbsp;\u2018Sottosopra: i vini di costa, pianura, collina e montagna. Dalla terra<span class=\"excerpt-hellip\"> [\u2026]<\/span><\/p>\n","protected":false},"author":2,"featured_media":810,"comment_status":"open","ping_status":"open","sticky":true,"template":"","format":"standard","meta":[],"categories":[12],"tags":[],"translation":{"provider":"WPGlobus","version":"2.8.11","language":"ru","enabled_languages":["en","es","de","fr","ru"],"languages":{"en":{"title":true,"content":true,"excerpt":false},"es":{"title":false,"content":false,"excerpt":false},"de":{"title":false,"content":false,"excerpt":false},"fr":{"title":false,"content":false,"excerpt":false},"ru":{"title":false,"content":false,"excerpt":false}}},"_links":{"self":[{"href":"https:\/\/terreditora.com\/ru\/wp-json\/wp\/v2\/posts\/809"}],"collection":[{"href":"https:\/\/terreditora.com\/ru\/wp-json\/wp\/v2\/posts"}],"about":[{"href":"https:\/\/terreditora.com\/ru\/wp-json\/wp\/v2\/types\/post"}],"author":[{"embeddable":true,"href":"https:\/\/terreditora.com\/ru\/wp-json\/wp\/v2\/users\/2"}],"replies":[{"embeddable":true,"href":"https:\/\/terreditora.com\/ru\/wp-json\/wp\/v2\/comments?post=809"}],"version-history":[{"count":2,"href":"https:\/\/terreditora.com\/ru\/wp-json\/wp\/v2\/posts\/809\/revisions"}],"predecessor-version":[{"id":822,"href":"https:\/\/terreditora.com\/ru\/wp-json\/wp\/v2\/posts\/809\/revisions\/822"}],"wp:featuredmedia":[{"embeddable":true,"href":"https:\/\/terreditora.com\/ru\/wp-json\/wp\/v2\/media\/810"}],"wp:attachment":[{"href":"https:\/\/terreditora.com\/ru\/wp-json\/wp\/v2\/media?parent=809"}],"wp:term":[{"taxonomy":"category","embeddable":true,"href":"https:\/\/terreditora.com\/ru\/wp-json\/wp\/v2\/categories?post=809"},{"taxonomy":"post_tag","embeddable":true,"href":"https:\/\/terreditora.com\/ru\/wp-json\/wp\/v2\/tags?post=809"}],"curies":[{"name":"wp","href":"https:\/\/api.w.org\/{rel}","templated":true}]}}